{"id":2061,"date":"2026-04-01T10:35:29","date_gmt":"2026-04-01T10:35:29","guid":{"rendered":"https:\/\/efsolit.in\/itik\/?p=2061"},"modified":"2026-04-02T04:03:25","modified_gmt":"2026-04-02T04:03:25","slug":"la-ia-ja-forma-part-del-creixement-professional","status":"publish","type":"post","link":"https:\/\/efsolit.in\/itik\/2026\/04\/01\/la-ia-ja-forma-part-del-creixement-professional\/","title":{"rendered":"La IA ja forma part del creixement professional."},"content":{"rendered":"<p>Des d\u2019Itik Consultoria hem realitzat l\u2019estudi sobre la situaci\u00f3 actual del mercat laboral dels professionals formats en Ci\u00e8ncies de l\u2019Activitat F\u00edsica i de l\u2019Esport a Catalunya, per enc\u00e0rrec de l\u2019Observatori Catal\u00e0 de l&#8217;Esport. L\u2019objectiu principal ha estat analitzar les condicions d\u2019inserci\u00f3 i desenvolupament professional d\u2019aquest col\u00b7lectiu, identificar els \u00e0mbits d\u2019ocupaci\u00f3 predominants, les tipologies de contractaci\u00f3, els nivells retributius i les compet\u00e8ncies m\u00e9s demandades, aix\u00ed com detectar tend\u00e8ncies emergents i possibles desajustos entre formaci\u00f3 i mercat de treball. L\u2019estudi aporta una radiografia actualitzada i rigorosa que permet entendre l\u2019evoluci\u00f3 del sector i orientar la presa de decisions tant a nivell institucional com professional.<\/p>\n<p>Un dels valors clau del projecte \u00e9s que les dades obtingudes es poden comparar amb les de l\u2019estudi realitzat l\u2019any 2014, fet que permet analitzar l\u2019evoluci\u00f3 del mercat laboral en termes d\u2019ocupabilitat, estabilitat, diversificaci\u00f3 d\u2019\u00e0mbits i qualitat de l\u2019ocupaci\u00f3. Aquesta perspectiva longitudinal facilita identificar canvis estructurals, consolidacions i noves din\u00e0miques dins el sector esportiu a Catalunya, aportant evid\u00e8ncia per a la planificaci\u00f3 estrat\u00e8gica i el disseny de pol\u00edtiques p\u00fabliques i accions formatives ajustades a la realitat actual.<\/p>\n","protected":false},"excerpt":{"rendered":"<p>Des d\u2019Itik Consultoria hem realitzat l\u2019estudi sobre la situaci\u00f3 actual del mercat laboral dels professionals formats en Ci\u00e8ncies de l\u2019Activitat F\u00edsica i de l\u2019Esport a Catalunya, per enc\u00e0rrec de l\u2019Observatori Catal\u00e0 de l&#8217;Esport. L\u2019objectiu principal ha estat analitzar les condicions d\u2019inserci\u00f3 i desenvolupament professional d\u2019aquest col\u00b7lectiu, identificar els \u00e0mbits d\u2019ocupaci\u00f3 predominants, les tipologies de contractaci\u00f3, els nivells retributius i les<\/p>\n","protected":false},"author":1,"featured_media":732,"comment_status":"open","ping_status":"open","sticky":false,"template":"","format":"standard","meta":{"_acf_changed":false,"footnotes":""},"categories":[67],"tags":[],"class_list":["post-2061","post","type-post","status-publish","format-standard","has-post-thumbnail","hentry","category-estudis-i-publicacions"],"acf":[],"aioseo_notices":[],"yoast_head":"<!-- This site is optimized with the Yoast SEO plugin v27.4 - https:\/\/yoast.com\/product\/yoast-seo-wordpress\/ -->\n<title>La IA ja forma part del creixement professional. - Itik Consultoria<\/title>\n<meta name=\"robots\" content=\"index, follow, max-snippet:-1, max-image-preview:large, max-video-preview:-1\" \/>\n<link rel=\"canonical\" href=\"https:\/\/efsolit.in\/itik\/2026\/04\/01\/la-ia-ja-forma-part-del-creixement-professional\/\" \/>\n<meta property=\"og:locale\" content=\"en_US\" \/>\n<meta property=\"og:type\" content=\"article\" \/>\n<meta property=\"og:title\" content=\"La IA ja forma part del creixement professional. - Itik Consultoria\" \/>\n<meta property=\"og:description\" content=\"Des d\u2019Itik Consultoria hem realitzat l\u2019estudi sobre la situaci\u00f3 actual del mercat laboral dels professionals formats en Ci\u00e8ncies de l\u2019Activitat F\u00edsica i de l\u2019Esport a Catalunya, per enc\u00e0rrec de l\u2019Observatori Catal\u00e0 de l&#8217;Esport. L\u2019objectiu principal ha estat analitzar les condicions d\u2019inserci\u00f3 i desenvolupament professional d\u2019aquest col\u00b7lectiu, identificar els \u00e0mbits d\u2019ocupaci\u00f3 predominants, les tipologies de contractaci\u00f3, els nivells retributius i les\" \/>\n<meta property=\"og:url\" content=\"https:\/\/efsolit.in\/itik\/2026\/04\/01\/la-ia-ja-forma-part-del-creixement-professional\/\" \/>\n<meta property=\"og:site_name\" content=\"Itik Consultoria\" \/>\n<meta property=\"article:published_time\" content=\"2026-04-01T10:35:29+00:00\" \/>\n<meta property=\"article:modified_time\" content=\"2026-04-02T04:03:25+00:00\" \/>\n<meta name=\"author\" content=\"admin\" \/>\n<meta name=\"twitter:card\" content=\"summary_large_image\" \/>\n<meta name=\"twitter:label1\" content=\"Written by\" \/>\n\t<meta name=\"twitter:data1\" content=\"admin\" \/>\n\t<meta name=\"twitter:label2\" content=\"Est. reading time\" \/>\n\t<meta name=\"twitter:data2\" content=\"1 minute\" \/>\n<script type=\"application\/ld+json\" class=\"yoast-schema-graph\">{\"@context\":\"https:\\\/\\\/schema.org\",\"@graph\":[{\"@type\":\"Article\",\"@id\":\"https:\\\/\\\/efsolit.in\\\/itik\\\/2026\\\/04\\\/01\\\/la-ia-ja-forma-part-del-creixement-professional\\\/#article\",\"isPartOf\":{\"@id\":\"https:\\\/\\\/efsolit.in\\\/itik\\\/2026\\\/04\\\/01\\\/la-ia-ja-forma-part-del-creixement-professional\\\/\"},\"author\":{\"name\":\"admin\",\"@id\":\"https:\\\/\\\/efsolit.in\\\/itik\\\/#\\\/schema\\\/person\\\/12ed03a35989dc66fd669170f64f4b34\"},\"headline\":\"La IA ja forma part del creixement professional.\",\"datePublished\":\"2026-04-01T10:35:29+00:00\",\"dateModified\":\"2026-04-02T04:03:25+00:00\",\"mainEntityOfPage\":{\"@id\":\"https:\\\/\\\/efsolit.in\\\/itik\\\/2026\\\/04\\\/01\\\/la-ia-ja-forma-part-del-creixement-professional\\\/\"},\"wordCount\":216,\"commentCount\":0,\"image\":{\"@id\":\"https:\\\/\\\/efsolit.in\\\/itik\\\/2026\\\/04\\\/01\\\/la-ia-ja-forma-part-del-creixement-professional\\\/#primaryimage\"},\"thumbnailUrl\":\"https:\\\/\\\/efsolit.in\\\/itik\\\/wp-content\\\/uploads\\\/2026\\\/01\\\/lawyer-businessman-judge-consult-with-clients-legal-legal-services_533890-969.avif\",\"articleSection\":[\"Estudis i publicacions\"],\"inLanguage\":\"en-US\",\"potentialAction\":[{\"@type\":\"CommentAction\",\"name\":\"Comment\",\"target\":[\"https:\\\/\\\/efsolit.in\\\/itik\\\/2026\\\/04\\\/01\\\/la-ia-ja-forma-part-del-creixement-professional\\\/#respond\"]}]},{\"@type\":\"WebPage\",\"@id\":\"https:\\\/\\\/efsolit.in\\\/itik\\\/2026\\\/04\\\/01\\\/la-ia-ja-forma-part-del-creixement-professional\\\/\",\"url\":\"https:\\\/\\\/efsolit.in\\\/itik\\\/2026\\\/04\\\/01\\\/la-ia-ja-forma-part-del-creixement-professional\\\/\",\"name\":\"La IA ja forma part del creixement professional. - Itik Consultoria\",\"isPartOf\":{\"@id\":\"https:\\\/\\\/efsolit.in\\\/itik\\\/#website\"},\"primaryImageOfPage\":{\"@id\":\"https:\\\/\\\/efsolit.in\\\/itik\\\/2026\\\/04\\\/01\\\/la-ia-ja-forma-part-del-creixement-professional\\\/#primaryimage\"},\"image\":{\"@id\":\"https:\\\/\\\/efsolit.in\\\/itik\\\/2026\\\/04\\\/01\\\/la-ia-ja-forma-part-del-creixement-professional\\\/#primaryimage\"},\"thumbnailUrl\":\"https:\\\/\\\/efsolit.in\\\/itik\\\/wp-content\\\/uploads\\\/2026\\\/01\\\/lawyer-businessman-judge-consult-with-clients-legal-legal-services_533890-969.avif\",\"datePublished\":\"2026-04-01T10:35:29+00:00\",\"dateModified\":\"2026-04-02T04:03:25+00:00\",\"author\":{\"@id\":\"https:\\\/\\\/efsolit.in\\\/itik\\\/#\\\/schema\\\/person\\\/12ed03a35989dc66fd669170f64f4b34\"},\"breadcrumb\":{\"@id\":\"https:\\\/\\\/efsolit.in\\\/itik\\\/2026\\\/04\\\/01\\\/la-ia-ja-forma-part-del-creixement-professional\\\/#breadcrumb\"},\"inLanguage\":\"en-US\",\"potentialAction\":[{\"@type\":\"ReadAction\",\"target\":[\"https:\\\/\\\/efsolit.in\\\/itik\\\/2026\\\/04\\\/01\\\/la-ia-ja-forma-part-del-creixement-professional\\\/\"]}]},{\"@type\":\"ImageObject\",\"inLanguage\":\"en-US\",\"@id\":\"https:\\\/\\\/efsolit.in\\\/itik\\\/2026\\\/04\\\/01\\\/la-ia-ja-forma-part-del-creixement-professional\\\/#primaryimage\",\"url\":\"https:\\\/\\\/efsolit.in\\\/itik\\\/wp-content\\\/uploads\\\/2026\\\/01\\\/lawyer-businessman-judge-consult-with-clients-legal-legal-services_533890-969.avif\",\"contentUrl\":\"https:\\\/\\\/efsolit.in\\\/itik\\\/wp-content\\\/uploads\\\/2026\\\/01\\\/lawyer-businessman-judge-consult-with-clients-legal-legal-services_533890-969.avif\",\"width\":740,\"height\":493},{\"@type\":\"BreadcrumbList\",\"@id\":\"https:\\\/\\\/efsolit.in\\\/itik\\\/2026\\\/04\\\/01\\\/la-ia-ja-forma-part-del-creixement-professional\\\/#breadcrumb\",\"itemListElement\":[{\"@type\":\"ListItem\",\"position\":1,\"name\":\"Home\",\"item\":\"https:\\\/\\\/efsolit.in\\\/itik\\\/\"},{\"@type\":\"ListItem\",\"position\":2,\"name\":\"La IA ja forma part del creixement professional.\"}]},{\"@type\":\"WebSite\",\"@id\":\"https:\\\/\\\/efsolit.in\\\/itik\\\/#website\",\"url\":\"https:\\\/\\\/efsolit.in\\\/itik\\\/\",\"name\":\"Itik Consultoria\",\"description\":\"Itik Consultoria\",\"potentialAction\":[{\"@type\":\"SearchAction\",\"target\":{\"@type\":\"EntryPoint\",\"urlTemplate\":\"https:\\\/\\\/efsolit.in\\\/itik\\\/?s={search_term_string}\"},\"query-input\":{\"@type\":\"PropertyValueSpecification\",\"valueRequired\":true,\"valueName\":\"search_term_string\"}}],\"inLanguage\":\"en-US\"},{\"@type\":\"Person\",\"@id\":\"https:\\\/\\\/efsolit.in\\\/itik\\\/#\\\/schema\\\/person\\\/12ed03a35989dc66fd669170f64f4b34\",\"name\":\"admin\",\"image\":{\"@type\":\"ImageObject\",\"inLanguage\":\"en-US\",\"@id\":\"https:\\\/\\\/secure.gravatar.com\\\/avatar\\\/969f6a17b32bf99b80d91eadb5709e02c56b3b6a3a790e0771a6e0ba181e41b6?s=96&d=mm&r=g\",\"url\":\"https:\\\/\\\/secure.gravatar.com\\\/avatar\\\/969f6a17b32bf99b80d91eadb5709e02c56b3b6a3a790e0771a6e0ba181e41b6?s=96&d=mm&r=g\",\"contentUrl\":\"https:\\\/\\\/secure.gravatar.com\\\/avatar\\\/969f6a17b32bf99b80d91eadb5709e02c56b3b6a3a790e0771a6e0ba181e41b6?s=96&d=mm&r=g\",\"caption\":\"admin\"},\"sameAs\":[\"https:\\\/\\\/efsolit.in\\\/itik\"],\"url\":\"https:\\\/\\\/efsolit.in\\\/itik\\\/author\\\/admin\\\/\"}]}<\/script>\n<!-- \/ Yoast SEO plugin. -->","yoast_head_json":{"title":"La IA ja forma part del creixement professional. - Itik Consultoria","robots":{"index":"index","follow":"follow","max-snippet":"max-snippet:-1","max-image-preview":"max-image-preview:large","max-video-preview":"max-video-preview:-1"},"canonical":"https:\/\/efsolit.in\/itik\/2026\/04\/01\/la-ia-ja-forma-part-del-creixement-professional\/","og_locale":"en_US","og_type":"article","og_title":"La IA ja forma part del creixement professional. - Itik Consultoria","og_description":"Des d\u2019Itik Consultoria hem realitzat l\u2019estudi sobre la situaci\u00f3 actual del mercat laboral dels professionals formats en Ci\u00e8ncies de l\u2019Activitat F\u00edsica i de l\u2019Esport a Catalunya, per enc\u00e0rrec de l\u2019Observatori Catal\u00e0 de l&#8217;Esport. L\u2019objectiu principal ha estat analitzar les condicions d\u2019inserci\u00f3 i desenvolupament professional d\u2019aquest col\u00b7lectiu, identificar els \u00e0mbits d\u2019ocupaci\u00f3 predominants, les tipologies de contractaci\u00f3, els nivells retributius i les","og_url":"https:\/\/efsolit.in\/itik\/2026\/04\/01\/la-ia-ja-forma-part-del-creixement-professional\/","og_site_name":"Itik Consultoria","article_published_time":"2026-04-01T10:35:29+00:00","article_modified_time":"2026-04-02T04:03:25+00:00","author":"admin","twitter_card":"summary_large_image","twitter_misc":{"Written by":"admin","Est. reading time":"1 minute"},"schema":{"@context":"https:\/\/schema.org","@graph":[{"@type":"Article","@id":"https:\/\/efsolit.in\/itik\/2026\/04\/01\/la-ia-ja-forma-part-del-creixement-professional\/#article","isPartOf":{"@id":"https:\/\/efsolit.in\/itik\/2026\/04\/01\/la-ia-ja-forma-part-del-creixement-professional\/"},"author":{"name":"admin","@id":"https:\/\/efsolit.in\/itik\/#\/schema\/person\/12ed03a35989dc66fd669170f64f4b34"},"headline":"La IA ja forma part del creixement professional.","datePublished":"2026-04-01T10:35:29+00:00","dateModified":"2026-04-02T04:03:25+00:00","mainEntityOfPage":{"@id":"https:\/\/efsolit.in\/itik\/2026\/04\/01\/la-ia-ja-forma-part-del-creixement-professional\/"},"wordCount":216,"commentCount":0,"image":{"@id":"https:\/\/efsolit.in\/itik\/2026\/04\/01\/la-ia-ja-forma-part-del-creixement-professional\/#primaryimage"},"thumbnailUrl":"https:\/\/efsolit.in\/itik\/wp-content\/uploads\/2026\/01\/lawyer-businessman-judge-consult-with-clients-legal-legal-services_533890-969.avif","articleSection":["Estudis i publicacions"],"inLanguage":"en-US","potentialAction":[{"@type":"CommentAction","name":"Comment","target":["https:\/\/efsolit.in\/itik\/2026\/04\/01\/la-ia-ja-forma-part-del-creixement-professional\/#respond"]}]},{"@type":"WebPage","@id":"https:\/\/efsolit.in\/itik\/2026\/04\/01\/la-ia-ja-forma-part-del-creixement-professional\/","url":"https:\/\/efsolit.in\/itik\/2026\/04\/01\/la-ia-ja-forma-part-del-creixement-professional\/","name":"La IA ja forma part del creixement professional. - Itik Consultoria","isPartOf":{"@id":"https:\/\/efsolit.in\/itik\/#website"},"primaryImageOfPage":{"@id":"https:\/\/efsolit.in\/itik\/2026\/04\/01\/la-ia-ja-forma-part-del-creixement-professional\/#primaryimage"},"image":{"@id":"https:\/\/efsolit.in\/itik\/2026\/04\/01\/la-ia-ja-forma-part-del-creixement-professional\/#primaryimage"},"thumbnailUrl":"https:\/\/efsolit.in\/itik\/wp-content\/uploads\/2026\/01\/lawyer-businessman-judge-consult-with-clients-legal-legal-services_533890-969.avif","datePublished":"2026-04-01T10:35:29+00:00","dateModified":"2026-04-02T04:03:25+00:00","author":{"@id":"https:\/\/efsolit.in\/itik\/#\/schema\/person\/12ed03a35989dc66fd669170f64f4b34"},"breadcrumb":{"@id":"https:\/\/efsolit.in\/itik\/2026\/04\/01\/la-ia-ja-forma-part-del-creixement-professional\/#breadcrumb"},"inLanguage":"en-US","potentialAction":[{"@type":"ReadAction","target":["https:\/\/efsolit.in\/itik\/2026\/04\/01\/la-ia-ja-forma-part-del-creixement-professional\/"]}]},{"@type":"ImageObject","inLanguage":"en-US","@id":"https:\/\/efsolit.in\/itik\/2026\/04\/01\/la-ia-ja-forma-part-del-creixement-professional\/#primaryimage","url":"https:\/\/efsolit.in\/itik\/wp-content\/uploads\/2026\/01\/lawyer-businessman-judge-consult-with-clients-legal-legal-services_533890-969.avif","contentUrl":"https:\/\/efsolit.in\/itik\/wp-content\/uploads\/2026\/01\/lawyer-businessman-judge-consult-with-clients-legal-legal-services_533890-969.avif","width":740,"height":493},{"@type":"BreadcrumbList","@id":"https:\/\/efsolit.in\/itik\/2026\/04\/01\/la-ia-ja-forma-part-del-creixement-professional\/#breadcrumb","itemListElement":[{"@type":"ListItem","position":1,"name":"Home","item":"https:\/\/efsolit.in\/itik\/"},{"@type":"ListItem","position":2,"name":"La IA ja forma part del creixement professional."}]},{"@type":"WebSite","@id":"https:\/\/efsolit.in\/itik\/#website","url":"https:\/\/efsolit.in\/itik\/","name":"Itik Consultoria","description":"Itik Consultoria","potentialAction":[{"@type":"SearchAction","target":{"@type":"EntryPoint","urlTemplate":"https:\/\/efsolit.in\/itik\/?s={search_term_string}"},"query-input":{"@type":"PropertyValueSpecification","valueRequired":true,"valueName":"search_term_string"}}],"inLanguage":"en-US"},{"@type":"Person","@id":"https:\/\/efsolit.in\/itik\/#\/schema\/person\/12ed03a35989dc66fd669170f64f4b34","name":"admin","image":{"@type":"ImageObject","inLanguage":"en-US","@id":"https:\/\/secure.gravatar.com\/avatar\/969f6a17b32bf99b80d91eadb5709e02c56b3b6a3a790e0771a6e0ba181e41b6?s=96&d=mm&r=g","url":"https:\/\/secure.gravatar.com\/avatar\/969f6a17b32bf99b80d91eadb5709e02c56b3b6a3a790e0771a6e0ba181e41b6?s=96&d=mm&r=g","contentUrl":"https:\/\/secure.gravatar.com\/avatar\/969f6a17b32bf99b80d91eadb5709e02c56b3b6a3a790e0771a6e0ba181e41b6?s=96&d=mm&r=g","caption":"admin"},"sameAs":["https:\/\/efsolit.in\/itik"],"url":"https:\/\/efsolit.in\/itik\/author\/admin\/"}]}},"_links":{"self":[{"href":"https:\/\/efsolit.in\/itik\/wp-json\/wp\/v2\/posts\/2061","targetHints":{"allow":["GET"]}}],"collection":[{"href":"https:\/\/efsolit.in\/itik\/wp-json\/wp\/v2\/posts"}],"about":[{"href":"https:\/\/efsolit.in\/itik\/wp-json\/wp\/v2\/types\/post"}],"author":[{"embeddable":true,"href":"https:\/\/efsolit.in\/itik\/wp-json\/wp\/v2\/users\/1"}],"replies":[{"embeddable":true,"href":"https:\/\/efsolit.in\/itik\/wp-json\/wp\/v2\/comments?post=2061"}],"version-history":[{"count":2,"href":"https:\/\/efsolit.in\/itik\/wp-json\/wp\/v2\/posts\/2061\/revisions"}],"predecessor-version":[{"id":2100,"href":"https:\/\/efsolit.in\/itik\/wp-json\/wp\/v2\/posts\/2061\/revisions\/2100"}],"wp:featuredmedia":[{"embeddable":true,"href":"https:\/\/efsolit.in\/itik\/wp-json\/wp\/v2\/media\/732"}],"wp:attachment":[{"href":"https:\/\/efsolit.in\/itik\/wp-json\/wp\/v2\/media?parent=2061"}],"wp:term":[{"taxonomy":"category","embeddable":true,"href":"https:\/\/efsolit.in\/itik\/wp-json\/wp\/v2\/categories?post=2061"},{"taxonomy":"post_tag","embeddable":true,"href":"https:\/\/efsolit.in\/itik\/wp-json\/wp\/v2\/tags?post=2061"}],"curies":[{"name":"wp","href":"https:\/\/api.w.org\/{rel}","templated":true}]}}